{"id":26342,"date":"2026-04-30T04:02:17","date_gmt":"2026-04-30T07:02:17","guid":{"rendered":"https:\/\/sindace.org.br\/?p=26342"},"modified":"2026-04-30T04:05:11","modified_gmt":"2026-04-30T07:05:11","slug":"porto-do-pecem-bate-recorde-na-movimentacao-de-conteineres-alcanca-209-milhoes-de-toneladas-e-cresce-7-em-2025","status":"publish","type":"post","link":"https:\/\/sindace.org.br\/index.php\/2026\/04\/30\/porto-do-pecem-bate-recorde-na-movimentacao-de-conteineres-alcanca-209-milhoes-de-toneladas-e-cresce-7-em-2025\/","title":{"rendered":"Porto do Pec\u00e9m bate recorde na movimenta\u00e7\u00e3o de cont\u00eaineres,\u00a0alcan\u00e7a 20,9 milh\u00f5es de toneladas e cresce 7% em 2025"},"content":{"rendered":"\n<h1 class=\"wp-block-heading\" id=\"news-title\">Porto do Pec\u00e9m bate recorde na movimenta\u00e7\u00e3o de cont\u00eaineres,&nbsp;alcan\u00e7a 20,9 milh\u00f5es de toneladas e cresce 7% em 2025<\/h1>\n\n\n\n<p>24 de fevereiro de 2026 \u2013 14:23<\/p>\n\n\n\n<p>#cont\u00eaineres#Porto do Pec\u00e9m#recorde<\/p>\n\n\n\n<p><a href=\"https:\/\/www.ceara.gov.br\/2026\/02\/24\/porto-do-pecem-bate-recorde-na-movimentacao-de-conteineres-alcanca-209-milhoes-de-toneladas-e-cresce-7-em-2025\/dcim100mediadji_0717-jpg-3\/\"><\/a><\/p>\n\n\n\n<figure class=\"wp-block-image\"><img decoding=\"async\" src=\"https:\/\/www.ce.gov.br\/wp-content\/uploads\/2026\/02\/IMG_0830-2048x1152-1.jpg\" alt=\"Porto do Pec\u00e9m bate recorde na movimenta\u00e7\u00e3o de cont\u00eaineres,\u00a0alcan\u00e7a 20,9 milh\u00f5es de toneladas e cresce 7% em 2025\"\/><\/figure>\n\n\n\n<p><\/p>\n\n\n\n<p>O Porto do Pec\u00e9m encerrou 2025 com resultados hist\u00f3ricos, refor\u00e7ando sua posi\u00e7\u00e3o como um dos principais hubs log\u00edsticos do Brasil. Ao longo do ano, foram movimentadas 20.961.514 toneladas, o que representa um crescimento de 7% em rela\u00e7\u00e3o a 2024. O grande destaque foi a movimenta\u00e7\u00e3o de cont\u00eaineres, que atingiu um novo recorde de 706.509 TEUs, uma alta de 27% na compara\u00e7\u00e3o com o ano anterior, quando o recorde havia sido 555.409 TEUs.<\/p>\n\n\n\n<p>Outro desempenho expressivo foi registrado nas opera\u00e7\u00f5es de longo curso (rotas internacionais), que somaram 9,6 milh\u00f5es de toneladas, um crescimento de 19% em rela\u00e7\u00e3o ao ano anterior. Os principais produtos foram combust\u00edveis minerais (3.018.554 toneladas), ferro fundido (707.825 toneladas) e min\u00e9rios (451.422 toneladas), nos desembarques. J\u00e1 nos embarques foi ferro fundido (2.531.592 toneladas), min\u00e9rios (590.353 toneladas), sal (204.191 toneladas) e frutas (190.646 toneladas).<\/p>\n\n\n\n<p>Para o presidente do Complexo do Pec\u00e9m, Max Quintino, os n\u00fameros refletem uma estrat\u00e9gia consistente de expans\u00e3o e efici\u00eancia operacional. \u201cOs resultados de 2025 demonstram a maturidade do Porto do Pec\u00e9m e a confian\u00e7a dos nossos clientes. O recorde na movimenta\u00e7\u00e3o de cont\u00eaineres e o forte crescimento no longo curso s\u00e3o frutos de investimentos cont\u00ednuos, novas rotas e excel\u00eancia operacional, o que amplia a nossa competitividade no cen\u00e1rio nacional e internacional\u201d, avalia.<\/p>\n\n\n\n<h3 class=\"wp-block-heading\">Embarques e desembarques<\/h3>\n\n\n\n<p>Nos embarques, o porto movimentou 7,8 milh\u00f5es de toneladas, com aumento de 11,12% frente ao ano anterior. Os principais produtos exportados foram sal (736.911 t), ferro fundido (508.734 t), pl\u00e1sticos e suas obras (271.522 t) e produtos qu\u00edmicos org\u00e2nicos (221.566 t). J\u00e1 os desembarques, totalizaram 12,7 milh\u00f5es de toneladas, registrando crescimento de 4,84% em rela\u00e7\u00e3o a 2024. Entre os principais produtos, destacam-se min\u00e9rios (3.894.627 t), cereais (455.137 t), combust\u00edveis minerais (369.198 t) e produtos qu\u00edmicos org\u00e2nicos (286.845 t).<\/p>\n\n\n\n<p>A movimenta\u00e7\u00e3o de frutas apresentou crescimento de 14% em rela\u00e7\u00e3o a 2024, com destaque para mel\u00f5es, melancias e mam\u00f5es (papaias) frescos, que registraram aumento de 27%, refor\u00e7ando a voca\u00e7\u00e3o do porto para o agroneg\u00f3cio exportador. \u201cSeguimos avan\u00e7ando para ampliar nossa capacidade, atrair novas rotas e gerar mais desenvolvimento para o Cear\u00e1 e para o Brasil. O Porto do Pec\u00e9m est\u00e1 preparado para crescer de forma sustent\u00e1vel e continuar batendo recordes ao longo de 2026\u201d, conclui Max Quintino.<\/p>\n\n\n\n<h3 class=\"wp-block-heading\">Novos projetos<\/h3>\n\n\n\n<p>O Complexo do Pec\u00e9m tem uma s\u00e9rie de investimentos prevista para os pr\u00f3ximos anos. O Terminal de Tancagem, com investimento de R$ 600 milh\u00f5es, est\u00e1 em obras h\u00e1 um ano e tem previs\u00e3o de come\u00e7ar a operar em 2027. J\u00e1 o terminal da Transnordestina tem investimento de R$ 1,3 bilh\u00e3o e previs\u00e3o de in\u00edcio em 2028, pretendendo movimentar 6 milh\u00f5es de toneladas j\u00e1 no primeiro ano de opera\u00e7\u00e3o. Com investimento de R$ 1 bilh\u00e3o, o Terminal de G\u00e1s do Nordeste deve come\u00e7ar a operar a partir de 2030, movimentando 500 mil toneladas por ano.<\/p>\n\n\n\n<p>Al\u00e9m desses projetos, o Complexo deve receber \u2013 em sua \u00e1rea de Zona de Processamento de Exporta\u00e7\u00e3o (ZPE) \u2013 o projeto dos Data Centers, um investimento de cerca de R$ 66 bilh\u00f5es s\u00f3 na primeira fase, que est\u00e1 em constru\u00e7\u00e3o e deve iniciar a opera\u00e7\u00e3o em 2028. Outro destaque \u00e9 o Hub de Hidrog\u00eanio Verde, com investimento total de R$ 66 bilh\u00f5es e com etapa de implanta\u00e7\u00e3o prevista para 2027 e in\u00edcio das opera\u00e7\u00f5es, para 2029.<\/p>\n\n\n\n<p>Fonte: <a href=\"https:\/\/www.ce.gov.br\/2026\/02\/24\/porto-do-pecem-bate-recorde-na-movimentacao-de-conteineres-alcanca-209-milhoes-de-toneladas-e-cresce-7-em-2025\/\">https:\/\/www.ce.gov.br\/2026\/02\/24\/porto-do-pecem-bate-recorde-na-movimentacao-de-conteineres-alcanca-209-milhoes-de-toneladas-e-cresce-7-em-2025\/<\/a><\/p>\n","protected":false},"excerpt":{"rendered":"<p>Porto do Pec\u00e9m bate recorde na movimenta\u00e7\u00e3o de cont\u00eaineres,&nbsp;alcan\u00e7a 20,9 milh\u00f5es de toneladas e cresce 7% em 2025 24 de fevereiro de 2026 \u2013 14:23 #cont\u00eaineres#Porto do Pec\u00e9m#recorde O Porto do Pec\u00e9m encerrou 2025 com resultados hist\u00f3ricos, refor\u00e7ando sua posi\u00e7\u00e3o como um dos principais hubs log\u00edsticos do Brasil. Ao longo do ano, foram movimentadas 20.961.514 [&hellip;]<\/p>\n","protected":false},"author":1,"featured_media":26344,"comment_status":"open","ping_status":"open","sticky":false,"template":"elementor_canvas","format":"standard","meta":{"site-sidebar-layout":"default","site-content-layout":"","ast-site-content-layout":"default","site-content-style":"default","site-sidebar-style":"default","ast-global-header-display":"","ast-banner-title-visibility":"","ast-main-header-display":"","ast-hfb-above-header-display":"","ast-hfb-below-header-display":"","ast-hfb-mobile-header-display":"","site-post-title":"","ast-breadcrumbs-content":"","ast-featured-img":"","footer-sml-layout":"","theme-transparent-header-meta":"","adv-header-id-meta":"","stick-header-meta":"","header-above-stick-meta":"","header-main-stick-meta":"","header-below-stick-meta":"","astra-migrate-meta-layouts":"set","ast-page-background-enabled":"default","ast-page-background-meta":{"desktop":{"background-color":"","background-image":"","background-repeat":"repeat","background-position":"center center","background-size":"auto","background-attachment":"scroll","background-type":"","background-media":"","overlay-type":"","overlay-color":"","overlay-opacity":"","overlay-gradient":""},"tablet":{"background-color":"","background-image":"","background-repeat":"repeat","background-position":"center center","background-size":"auto","background-attachment":"scroll","background-type":"","background-media":"","overlay-type":"","overlay-color":"","overlay-opacity":"","overlay-gradient":""},"mobile":{"background-color":"","background-image":"","background-repeat":"repeat","background-position":"center center","background-size":"auto","background-attachment":"scroll","background-type":"","background-media":"","overlay-type":"","overlay-color":"","overlay-opacity":"","overlay-gradient":""}},"ast-content-background-meta":{"desktop":{"background-color":"var(--ast-global-color-5)","background-image":"","background-repeat":"repeat","background-position":"center center","background-size":"auto","background-attachment":"scroll","background-type":"","background-media":"","overlay-type":"","overlay-color":"","overlay-opacity":"","overlay-gradient":""},"tablet":{"background-color":"var(--ast-global-color-5)","background-image":"","background-repeat":"repeat","background-position":"center center","background-size":"auto","background-attachment":"scroll","background-type":"","background-media":"","overlay-type":"","overlay-color":"","overlay-opacity":"","overlay-gradient":""},"mobile":{"background-color":"var(--ast-global-color-5)","background-image":"","background-repeat":"repeat","background-position":"center center","background-size":"auto","background-attachment":"scroll","background-type":"","background-media":"","overlay-type":"","overlay-color":"","overlay-opacity":"","overlay-gradient":""}},"footnotes":""},"categories":[35],"tags":[],"class_list":["post-26342","post","type-post","status-publish","format-standard","has-post-thumbnail","hentry","category-noticias"],"_links":{"self":[{"href":"https:\/\/sindace.org.br\/index.php\/wp-json\/wp\/v2\/posts\/26342","targetHints":{"allow":["GET"]}}],"collection":[{"href":"https:\/\/sindace.org.br\/index.php\/wp-json\/wp\/v2\/posts"}],"about":[{"href":"https:\/\/sindace.org.br\/index.php\/wp-json\/wp\/v2\/types\/post"}],"author":[{"embeddable":true,"href":"https:\/\/sindace.org.br\/index.php\/wp-json\/wp\/v2\/users\/1"}],"replies":[{"embeddable":true,"href":"https:\/\/sindace.org.br\/index.php\/wp-json\/wp\/v2\/comments?post=26342"}],"version-history":[{"count":3,"href":"https:\/\/sindace.org.br\/index.php\/wp-json\/wp\/v2\/posts\/26342\/revisions"}],"predecessor-version":[{"id":26346,"href":"https:\/\/sindace.org.br\/index.php\/wp-json\/wp\/v2\/posts\/26342\/revisions\/26346"}],"wp:featuredmedia":[{"embeddable":true,"href":"https:\/\/sindace.org.br\/index.php\/wp-json\/wp\/v2\/media\/26344"}],"wp:attachment":[{"href":"https:\/\/sindace.org.br\/index.php\/wp-json\/wp\/v2\/media?parent=26342"}],"wp:term":[{"taxonomy":"category","embeddable":true,"href":"https:\/\/sindace.org.br\/index.php\/wp-json\/wp\/v2\/categories?post=26342"},{"taxonomy":"post_tag","embeddable":true,"href":"https:\/\/sindace.org.br\/index.php\/wp-json\/wp\/v2\/tags?post=26342"}],"curies":[{"name":"wp","href":"https:\/\/api.w.org\/{rel}","templated":true}]}}