{"id":26347,"date":"2026-04-30T04:03:50","date_gmt":"2026-04-30T07:03:50","guid":{"rendered":"https:\/\/sindace.org.br\/?p=26347"},"modified":"2026-04-30T04:05:06","modified_gmt":"2026-04-30T07:05:06","slug":"exportacoes-do-ceara-crescem-quase-50-e-comercio-exterior-inicia-2026-em-forte-recuperacao-aponta-estudo-do-cin","status":"publish","type":"post","link":"https:\/\/sindace.org.br\/index.php\/2026\/04\/30\/exportacoes-do-ceara-crescem-quase-50-e-comercio-exterior-inicia-2026-em-forte-recuperacao-aponta-estudo-do-cin\/","title":{"rendered":"Exporta\u00e7\u00f5es do Cear\u00e1 crescem quase 50% e com\u00e9rcio exterior inicia 2026 em forte recupera\u00e7\u00e3o, aponta estudo do CIN"},"content":{"rendered":"\n<h1 class=\"wp-block-heading\">Exporta\u00e7\u00f5es do Cear\u00e1 crescem quase 50% e com\u00e9rcio exterior inicia 2026 em forte recupera\u00e7\u00e3o, aponta estudo do CIN<\/h1>\n\n\n\n<p><strong>Estado se consolida como o 3\u00ba maior exportador do Nordeste em janeiro e reduz d\u00e9ficit comercial em quase 90%, segundo estudo da FIEC.<\/strong><\/p>\n\n\n\n<figure class=\"wp-block-image\"><img decoding=\"async\" src=\"https:\/\/arquivos.sfiec.org.br\/sfiec\/files\/images\/05(5).jpg\" alt=\"Com\u00e9rcio exterior do Cear\u00e1 \u2014 porto e cont\u00eaineres\"\/><figcaption class=\"wp-element-caption\"><em>Foto: Sistema FIEC \/ Divulga\u00e7\u00e3o<\/em><\/figcaption><\/figure>\n\n\n\n<p>O com\u00e9rcio exterior do Cear\u00e1 iniciou 2026 em ritmo acelerado. As exporta\u00e7\u00f5es cearenses somaram US$ 152,97 milh\u00f5es em janeiro, crescimento de 49,3% em rela\u00e7\u00e3o ao mesmo m\u00eas de 2025. Os dados s\u00e3o do estudo Cear\u00e1 em Comex, produzido pelo Centro Internacional de Neg\u00f3cios (CIN) da Federa\u00e7\u00e3o das Ind\u00fastrias do Estado do Cear\u00e1 (FIEC).<\/p>\n\n\n\n<p>O resultado, combinado \u00e0 retra\u00e7\u00e3o das importa\u00e7\u00f5es, reduziu o d\u00e9ficit da balan\u00e7a comercial estadual para US$ 17,9 milh\u00f5es em janeiro de 2026 \u2014 uma melhora de 89,7% em rela\u00e7\u00e3o ao mesmo m\u00eas de 2025 e o menor saldo negativo para um m\u00eas de janeiro desde 2021, aproximando o Cear\u00e1 de uma situa\u00e7\u00e3o de quase equil\u00edbrio comercial logo no in\u00edcio do ano.<\/p>\n\n\n\n<h2 class=\"wp-block-heading\">Siderurgia lidera, fruticultura mant\u00e9m peso<\/h2>\n\n\n\n<p>O setor de ferro e a\u00e7o liderou o desempenho do m\u00eas, com US$ 72,4 milh\u00f5es exportados \u2014 o equivalente a 47,3% do total. A agroind\u00fastria e os bens intermedi\u00e1rios tamb\u00e9m tiveram participa\u00e7\u00e3o relevante, com destaque para cal\u00e7ados (US$ 17,6 milh\u00f5es), frutas (US$ 17,5 milh\u00f5es) e ceras vegetais (US$ 7,9 milh\u00f5es).<\/p>\n\n\n\n<p>Os Estados Unidos seguiram como principal destino, absorvendo US$ 57,4 milh\u00f5es \u2014 37,6% do total exportado. M\u00e9xico e Canad\u00e1 apareceram na sequ\u00eancia, impulsionados pelos embarques sider\u00fargicos. Pa\u00edses Baixos, Espanha, Reino Unido e China completaram o grupo de principais destinos, consolidando o eixo Am\u00e9rica do Norte\u2013Europa como n\u00facleo central das exporta\u00e7\u00f5es cearenses.<\/p>\n\n\n\n<h2 class=\"wp-block-heading\">Cear\u00e1 volta a ser pot\u00eancia regional<\/h2>\n\n\n\n<p>No recorte regional, o desempenho foi ainda mais expressivo. O Cear\u00e1 consolidou-se como o 3\u00ba maior exportador do Nordeste em janeiro de 2026, atr\u00e1s apenas da Bahia e do Maranh\u00e3o, recuperando posi\u00e7\u00e3o de destaque frente a janeiro de 2025, quando ocupava a 6\u00aa coloca\u00e7\u00e3o no ranking regional.<\/p>\n\n\n\n<p>O ritmo se manteve nos meses seguintes. No primeiro bimestre de 2026, as exporta\u00e7\u00f5es do estado somaram US$ 459,2 milh\u00f5es, alta de 102,6% frente ao mesmo per\u00edodo de 2025, segundo dados do Cear\u00e1 em Comex. A participa\u00e7\u00e3o do estado nas exporta\u00e7\u00f5es nordestinas saltou de 6,25% em 2025 para 15,54% no primeiro bimestre de 2026.<\/p>\n\n\n\n<p>O movimento confirma a tend\u00eancia observada no fechamento de 2025, quando o Cear\u00e1 registrou o maior crescimento do Brasil nas exporta\u00e7\u00f5es: alta de 56% na compara\u00e7\u00e3o com 2024, com vendas externas saltando de US$ 1,5 bilh\u00e3o para US$ 2,3 bilh\u00f5es \u2014 a segunda maior varia\u00e7\u00e3o da s\u00e9rie hist\u00f3rica do estado.<\/p>\n\n\n\n<p><em>Fontes: FIEC \u2013 Centro Internacional de Neg\u00f3cios (CIN), Governo do Estado do Cear\u00e1, Adece, IPECE.<\/em><\/p>\n","protected":false},"excerpt":{"rendered":"<p>Exporta\u00e7\u00f5es do Cear\u00e1 crescem quase 50% e com\u00e9rcio exterior inicia 2026 em forte recupera\u00e7\u00e3o, aponta estudo do CIN Estado se consolida como o 3\u00ba maior exportador do Nordeste em janeiro e reduz d\u00e9ficit comercial em quase 90%, segundo estudo da FIEC. O com\u00e9rcio exterior do Cear\u00e1 iniciou 2026 em ritmo acelerado. As exporta\u00e7\u00f5es cearenses somaram [&hellip;]<\/p>\n","protected":false},"author":1,"featured_media":26348,"comment_status":"open","ping_status":"open","sticky":false,"template":"","format":"standard","meta":{"site-sidebar-layout":"default","site-content-layout":"","ast-site-content-layout":"default","site-content-style":"default","site-sidebar-style":"default","ast-global-header-display":"","ast-banner-title-visibility":"","ast-main-header-display":"","ast-hfb-above-header-display":"","ast-hfb-below-header-display":"","ast-hfb-mobile-header-display":"","site-post-title":"","ast-breadcrumbs-content":"","ast-featured-img":"","footer-sml-layout":"","theme-transparent-header-meta":"","adv-header-id-meta":"","stick-header-meta":"","header-above-stick-meta":"","header-main-stick-meta":"","header-below-stick-meta":"","astra-migrate-meta-layouts":"set","ast-page-background-enabled":"default","ast-page-background-meta":{"desktop":{"background-color":"","background-image":"","background-repeat":"repeat","background-position":"center center","background-size":"auto","background-attachment":"scroll","background-type":"","background-media":"","overlay-type":"","overlay-color":"","overlay-opacity":"","overlay-gradient":""},"tablet":{"background-color":"","background-image":"","background-repeat":"repeat","background-position":"center center","background-size":"auto","background-attachment":"scroll","background-type":"","background-media":"","overlay-type":"","overlay-color":"","overlay-opacity":"","overlay-gradient":""},"mobile":{"background-color":"","background-image":"","background-repeat":"repeat","background-position":"center center","background-size":"auto","background-attachment":"scroll","background-type":"","background-media":"","overlay-type":"","overlay-color":"","overlay-opacity":"","overlay-gradient":""}},"ast-content-background-meta":{"desktop":{"background-color":"var(--ast-global-color-5)","background-image":"","background-repeat":"repeat","background-position":"center center","background-size":"auto","background-attachment":"scroll","background-type":"","background-media":"","overlay-type":"","overlay-color":"","overlay-opacity":"","overlay-gradient":""},"tablet":{"background-color":"var(--ast-global-color-5)","background-image":"","background-repeat":"repeat","background-position":"center center","background-size":"auto","background-attachment":"scroll","background-type":"","background-media":"","overlay-type":"","overlay-color":"","overlay-opacity":"","overlay-gradient":""},"mobile":{"background-color":"var(--ast-global-color-5)","background-image":"","background-repeat":"repeat","background-position":"center center","background-size":"auto","background-attachment":"scroll","background-type":"","background-media":"","overlay-type":"","overlay-color":"","overlay-opacity":"","overlay-gradient":""}},"footnotes":""},"categories":[35],"tags":[],"class_list":["post-26347","post","type-post","status-publish","format-standard","has-post-thumbnail","hentry","category-noticias"],"_links":{"self":[{"href":"https:\/\/sindace.org.br\/index.php\/wp-json\/wp\/v2\/posts\/26347","targetHints":{"allow":["GET"]}}],"collection":[{"href":"https:\/\/sindace.org.br\/index.php\/wp-json\/wp\/v2\/posts"}],"about":[{"href":"https:\/\/sindace.org.br\/index.php\/wp-json\/wp\/v2\/types\/post"}],"author":[{"embeddable":true,"href":"https:\/\/sindace.org.br\/index.php\/wp-json\/wp\/v2\/users\/1"}],"replies":[{"embeddable":true,"href":"https:\/\/sindace.org.br\/index.php\/wp-json\/wp\/v2\/comments?post=26347"}],"version-history":[{"count":1,"href":"https:\/\/sindace.org.br\/index.php\/wp-json\/wp\/v2\/posts\/26347\/revisions"}],"predecessor-version":[{"id":26349,"href":"https:\/\/sindace.org.br\/index.php\/wp-json\/wp\/v2\/posts\/26347\/revisions\/26349"}],"wp:featuredmedia":[{"embeddable":true,"href":"https:\/\/sindace.org.br\/index.php\/wp-json\/wp\/v2\/media\/26348"}],"wp:attachment":[{"href":"https:\/\/sindace.org.br\/index.php\/wp-json\/wp\/v2\/media?parent=26347"}],"wp:term":[{"taxonomy":"category","embeddable":true,"href":"https:\/\/sindace.org.br\/index.php\/wp-json\/wp\/v2\/categories?post=26347"},{"taxonomy":"post_tag","embeddable":true,"href":"https:\/\/sindace.org.br\/index.php\/wp-json\/wp\/v2\/tags?post=26347"}],"curies":[{"name":"wp","href":"https:\/\/api.w.org\/{rel}","templated":true}]}}